{"id":501,"date":"2024-09-18T12:14:31","date_gmt":"2024-09-18T10:14:31","guid":{"rendered":"https:\/\/seminariokapu.umh.es\/?p=501"},"modified":"2024-09-22T09:28:03","modified_gmt":"2024-09-22T07:28:03","slug":"jornada-alfabetizacion","status":"publish","type":"post","link":"https:\/\/seminariokapu.umh.es\/en\/2024\/09\/18\/jornada-alfabetizacion\/","title":{"rendered":"<span lang=\"es\">(Espa\u00f1ol) Jornada provincial de alfabetizaci\u00f3n medi\u00e1tica en Benidorm<\/span>"},"content":{"rendered":"<p class=\"qtranxs-available-languages-message qtranxs-available-languages-message-en\">Sorry, this entry is only available in <a href=\"https:\/\/seminariokapu.umh.es\/es\/wp-json\/wp\/v2\/posts\/501\" class=\"qtranxs-available-language-link qtranxs-available-language-link-es\" title=\"Espa\u00f1ol\">European Spanish<\/a>.<\/p>","protected":false},"excerpt":{"rendered":"<p>Sorry, this entry is only available in European Spanish.<\/p>\n","protected":false},"author":1,"featured_media":507,"comment_status":"closed","ping_status":"open","sticky":false,"template":"","format":"standard","meta":{"_et_pb_use_builder":"","_et_pb_old_content":"","_et_gb_content_width":"","_links_to":"","_links_to_target":""},"categories":[2947,23],"tags":[],"_links":{"self":[{"href":"https:\/\/seminariokapu.umh.es\/en\/wp-json\/wp\/v2\/posts\/501"}],"collection":[{"href":"https:\/\/seminariokapu.umh.es\/en\/wp-json\/wp\/v2\/posts"}],"about":[{"href":"https:\/\/seminariokapu.umh.es\/en\/wp-json\/wp\/v2\/types\/post"}],"author":[{"embeddable":true,"href":"https:\/\/seminariokapu.umh.es\/en\/wp-json\/wp\/v2\/users\/1"}],"replies":[{"embeddable":true,"href":"https:\/\/seminariokapu.umh.es\/en\/wp-json\/wp\/v2\/comments?post=501"}],"version-history":[{"count":0,"href":"https:\/\/seminariokapu.umh.es\/en\/wp-json\/wp\/v2\/posts\/501\/revisions"}],"wp:featuredmedia":[{"embeddable":true,"href":"https:\/\/seminariokapu.umh.es\/en\/wp-json\/wp\/v2\/media\/507"}],"wp:attachment":[{"href":"https:\/\/seminariokapu.umh.es\/en\/wp-json\/wp\/v2\/media?parent=501"}],"wp:term":[{"taxonomy":"category","embeddable":true,"href":"https:\/\/seminariokapu.umh.es\/en\/wp-json\/wp\/v2\/categories?post=501"},{"taxonomy":"post_tag","embeddable":true,"href":"https:\/\/seminariokapu.umh.es\/en\/wp-json\/wp\/v2\/tags?post=501"}],"curies":[{"name":"wp","href":"https:\/\/api.w.org\/{rel}","templated":true}]}}