{"id":593,"date":"2024-09-22T09:45:03","date_gmt":"2024-09-22T07:45:03","guid":{"rendered":"https:\/\/seminariokapu.umh.es\/?p=593"},"modified":"2024-09-22T09:45:03","modified_gmt":"2024-09-22T07:45:03","slug":"jornada-provincial-de-alfabetizacion-mediatica-en-alcoy","status":"publish","type":"post","link":"https:\/\/seminariokapu.umh.es\/ca\/2024\/09\/22\/jornada-provincial-de-alfabetizacion-mediatica-en-alcoy\/","title":{"rendered":"<span lang=\"es\">(Espa\u00f1ol) Jornada provincial de alfabetizaci\u00f3n medi\u00e1tica en Alcoy<\/span>"},"content":{"rendered":"<p class=\"qtranxs-available-languages-message qtranxs-available-languages-message-ca\">Ho sentim, aquesta entrada es troba disponible \u00fanicament en <a href=\"https:\/\/seminariokapu.umh.es\/es\/wp-json\/wp\/v2\/posts\/593\" class=\"qtranxs-available-language-link qtranxs-available-language-link-es\" title=\"Espa\u00f1ol\">Espanyol Europeu<\/a>.<\/p>","protected":false},"excerpt":{"rendered":"<p>Ho sentim, aquesta entrada es troba disponible \u00fanicament en Espanyol Europeu.<\/p>\n","protected":false},"author":3881,"featured_media":596,"comment_status":"closed","ping_status":"open","sticky":false,"template":"","format":"standard","meta":{"_et_pb_use_builder":"","_et_pb_old_content":"","_et_gb_content_width":"","_links_to":"","_links_to_target":""},"categories":[2947,23],"tags":[],"_links":{"self":[{"href":"https:\/\/seminariokapu.umh.es\/ca\/wp-json\/wp\/v2\/posts\/593"}],"collection":[{"href":"https:\/\/seminariokapu.umh.es\/ca\/wp-json\/wp\/v2\/posts"}],"about":[{"href":"https:\/\/seminariokapu.umh.es\/ca\/wp-json\/wp\/v2\/types\/post"}],"author":[{"embeddable":true,"href":"https:\/\/seminariokapu.umh.es\/ca\/wp-json\/wp\/v2\/users\/3881"}],"replies":[{"embeddable":true,"href":"https:\/\/seminariokapu.umh.es\/ca\/wp-json\/wp\/v2\/comments?post=593"}],"version-history":[{"count":0,"href":"https:\/\/seminariokapu.umh.es\/ca\/wp-json\/wp\/v2\/posts\/593\/revisions"}],"wp:featuredmedia":[{"embeddable":true,"href":"https:\/\/seminariokapu.umh.es\/ca\/wp-json\/wp\/v2\/media\/596"}],"wp:attachment":[{"href":"https:\/\/seminariokapu.umh.es\/ca\/wp-json\/wp\/v2\/media?parent=593"}],"wp:term":[{"taxonomy":"category","embeddable":true,"href":"https:\/\/seminariokapu.umh.es\/ca\/wp-json\/wp\/v2\/categories?post=593"},{"taxonomy":"post_tag","embeddable":true,"href":"https:\/\/seminariokapu.umh.es\/ca\/wp-json\/wp\/v2\/tags?post=593"}],"curies":[{"name":"wp","href":"https:\/\/api.w.org\/{rel}","templated":true}]}}